{"id":4463,"date":"2025-09-02T13:58:46","date_gmt":"2025-09-02T12:58:46","guid":{"rendered":"https:\/\/mia.gov.me\/?p=4463"},"modified":"2025-09-02T13:58:47","modified_gmt":"2025-09-02T12:58:47","slug":"mirjana-kojic-imenovana-za-vrsiteljku-duznosti-direktora-agencije-za-investicije-crne-gore","status":"publish","type":"post","link":"https:\/\/mia.gov.me\/me\/mirjana-kojic-imenovana-za-vrsiteljku-duznosti-direktora-agencije-za-investicije-crne-gore\/","title":{"rendered":"Mirjana Koji\u0107 imenovana za vr\u0161iteljku du\u017enosti direktora Agencije za investicije Crne Gore"},"content":{"rendered":"\n<figure class=\"wp-block-image size-full is-resized\"><img fetchpriority=\"high\" decoding=\"async\" width=\"827\" height=\"1142\" src=\"https:\/\/mia.gov.me\/wp-content\/uploads\/Mirjana-1.jpg\" alt=\"\" class=\"wp-image-4466\" style=\"width:370px;height:auto\"\/><\/figure>\n\n\n\n<p>Na osnovu odluke Savjeta Agencije za investicije Crne Gore, za vr\u0161iteljku du\u017enosti direktora imenovana je gospo\u0111a <strong>Mirjana Koji\u0107<\/strong>.<\/p>\n\n\n\n<p>Gospo\u0111a Koji\u0107 ro\u0111ena je 1977. godine i posjeduje vi\u0161e od dvadeset godina profesionalnog iskustva u me\u0111unarodnim kulturnim i poslovnim institucijama u Crnoj Gori, Srbiji i Italiji. Tokom svoje karijere obavljala je niz rukovode\u0107ih i ekspertskih funkcija, sa posebnim fokusom na me\u0111unarodnu saradnju, investicionu promociju, strate\u0161ko planiranje i realizaciju slo\u017eenih me\u0111unarodnih projekata.<\/p>\n\n\n\n<p>Prije imenovanja na \u010delo Agencije, gospo\u0111a Koji\u0107 je rukovodila Sektorom za me\u0111unarodnu saradnju u JU Muzi\u010dki centar Crne Gore. Li\u010dnim zalaganjem omogu\u0107ila je da Crna Gora u sektoru kulture dobije jednu od najve\u0107ih donacija u vidu opreme od gotovo milion eura,&nbsp; kroz Program za kulturu Vlade Japana koji sprovodi Japanska agencija za me\u0111unarodnu saradnju (JICA).<\/p>\n\n\n\n<p>Tokom karijere obavljala je klju\u010dne rukovode\u0107e funkcije, uklju\u010duju\u0107i polo\u017eaj generalnog sekretara Komore italijansko-srpskih privrednika, \u010dije imenovanje odobrava italijansko Ministarstvo vanjskih poslova i me\u0111unarodne saradnje Republike Italije (MAECI). &nbsp;Koordinirala je operativno i strate\u0161ko poslovanje i doprinosila ja\u010danju privrednih veza izme\u0111u Italije i regiona. Profesionalni put zapo\u010dela je u sektoru kulture \u2013 me\u0111unarodna saradnja pri Regiji Friuli Venecija \u0110ulija u Udinama u Italiji, a potom sara\u0111ivala na me\u0111unarodnim projektima pri Ministarstvu ekonomije Crne Gore i sticala iskustvo u renomiranim me\u0111unarodnim institucijama i kompanijama, me\u0111u kojima se izdvaja Deloitte Srbija.<\/p>\n\n\n\n<p>Gospo\u0111a Koji\u0107 preuzima rukovo\u0111enje Agencijom za investicije Crne Gore sa zadatkom da doprinese realizaciji programskih prioriteta institucije \u2013 ja\u010danju me\u0111unarodne prepoznatljivosti Crne Gore kao investicione destinacije, unapre\u0111enju poslovnog ambijenta i podsticanju odr\u017eivog ekonomskog razvoja.<\/p>\n","protected":false},"excerpt":{"rendered":"<p>Na osnovu odluke Savjeta Agencije za investicije Crne Gore, za vr\u0161iteljku du\u017enosti direktora imenovana je gospo\u0111a Mirjana Koji\u0107. Gospo\u0111a Koji\u0107 ro\u0111ena je 1977. godine i posjeduje vi\u0161e od dvadeset godina profesionalnog iskustva u me\u0111unarodnim kulturnim i poslovnim institucijama u Crnoj Gori, Srbiji i Italiji. Tokom svoje karijere obavljala je niz rukovode\u0107ih i ekspertskih funkcija, sa [&hellip;]<\/p>\n","protected":false},"author":5,"featured_media":0,"comment_status":"closed","ping_status":"open","sticky":false,"template":"","format":"standard","meta":{"_seopress_robots_primary_cat":"none","_seopress_titles_title":"","_seopress_titles_desc":"","_seopress_robots_index":"","footnotes":""},"categories":[10],"tags":[],"class_list":["post-4463","post","type-post","status-publish","format-standard","hentry","category-novosti-me"],"_links":{"self":[{"href":"https:\/\/mia.gov.me\/me\/wp-json\/wp\/v2\/posts\/4463","targetHints":{"allow":["GET"]}}],"collection":[{"href":"https:\/\/mia.gov.me\/me\/wp-json\/wp\/v2\/posts"}],"about":[{"href":"https:\/\/mia.gov.me\/me\/wp-json\/wp\/v2\/types\/post"}],"author":[{"embeddable":true,"href":"https:\/\/mia.gov.me\/me\/wp-json\/wp\/v2\/users\/5"}],"replies":[{"embeddable":true,"href":"https:\/\/mia.gov.me\/me\/wp-json\/wp\/v2\/comments?post=4463"}],"version-history":[{"count":1,"href":"https:\/\/mia.gov.me\/me\/wp-json\/wp\/v2\/posts\/4463\/revisions"}],"predecessor-version":[{"id":4468,"href":"https:\/\/mia.gov.me\/me\/wp-json\/wp\/v2\/posts\/4463\/revisions\/4468"}],"wp:attachment":[{"href":"https:\/\/mia.gov.me\/me\/wp-json\/wp\/v2\/media?parent=4463"}],"wp:term":[{"taxonomy":"category","embeddable":true,"href":"https:\/\/mia.gov.me\/me\/wp-json\/wp\/v2\/categories?post=4463"},{"taxonomy":"post_tag","embeddable":true,"href":"https:\/\/mia.gov.me\/me\/wp-json\/wp\/v2\/tags?post=4463"}],"curies":[{"name":"wp","href":"https:\/\/api.w.org\/{rel}","templated":true}]}}